{"id":347,"date":"2026-03-23T09:30:00","date_gmt":"2026-03-23T09:30:00","guid":{"rendered":"http:\/\/lmsanchezgil.com\/?p=347"},"modified":"2026-03-24T09:18:48","modified_gmt":"2026-03-24T09:18:48","slug":"investidura-como-doctor-honoris-causa-del-sr-sergio-mattarella","status":"publish","type":"post","link":"http:\/\/lmsanchezgil.com\/?p=347","title":{"rendered":"Investidura como Doctor Honoris Causa del Sr. Sergio Mattarella"},"content":{"rendered":"\n<p>El 19 de marzo de 2026 la Universidad de Salamanca ha vivido un nuevo d\u00eda hist\u00f3rico con la investidura como Doctor Honoris Causa de S.E. el Presidente de la Rep\u00fablica de Italia el Sr. Sergio Mattarella, a la que tuve el inmenso honor de asistir.<\/p>\n\n\n\n<p>Su Majestad el Rey Felipe VI presidi\u00f3 en la Universidad de Salamanca el acto solemne de investidura como doctor honoris causa del presidente de la Rep\u00fablica Italiana, Sergio Mattarella, celebrado conforme al tradicional ceremonial acad\u00e9mico en lat\u00edn (consulta ceremonial <a href=\"https:\/\/comunicacion.usal.es\/sites\/comunicacion.usal.es\/files\/2026-03\/Ceremonial%20Honoris%20Causa%20Sergio%20Mattarella%20-%20Universidad%20de%20Salamanca_0.pdf\" target=\"_blank\" rel=\"noreferrer noopener\">aqu\u00ed<\/a>). En la ceremonia intervinieron el rector, Juan Manuel Corchado, y el padrino del acto, el catedr\u00e1tico em\u00e9rito Vicente Gonz\u00e1lez Mart\u00edn. La investidura reuni\u00f3 a cerca de 180 doctores y a numerosas autoridades acad\u00e9micas, institucionales y pol\u00edticas, reafirmando el papel de la Universidad de Salamanca como espacio de di\u00e1logo intelectual y de continuidad de la tradici\u00f3n europea compartida.<\/p>\n\n\n\n<p>En la <em>laudatio<\/em> (consulta laudatoria <a href=\"https:\/\/comunicacion.usal.es\/sites\/comunicacion.usal.es\/files\/2026-03\/Laudatio%20Vicente%20Gonz\u00e1lez%20Mart\u00edn_0.pdf\">aqu\u00ed<\/a>), Vicente Gonz\u00e1lez Mart\u00edn puso en valor la trayectoria del presidente italiano, resaltando su compromiso con las instituciones democr\u00e1ticas y con una acci\u00f3n pol\u00edtica guiada por la \u00e9tica y la racionalidad. Destac\u00f3 su capacidad para combinar rigor jur\u00eddico y prudencia pol\u00edtica, as\u00ed como su ejemplo de liderazgo sereno y responsable en un contexto de incertidumbre global.<\/p>\n\n\n\n<p>Durante su discurso, Mattarella destac\u00f3 la profunda conexi\u00f3n hist\u00f3rica y cultural entre Espa\u00f1a e Italia, subrayando la constante interacci\u00f3n entre ambos pueblos en \u00e1mbitos pol\u00edticos, intelectuales y sociales. Asimismo, advirti\u00f3 sobre los riesgos actuales para el orden internacional, se\u00f1alando el debilitamiento de las instituciones multilaterales, la erosi\u00f3n del derecho internacional y sus consecuencias, especialmente para los pa\u00edses m\u00e1s vulnerables (consulta discurso <a href=\"https:\/\/comunicacion.usal.es\/sites\/comunicacion.usal.es\/files\/2026-03\/Discurso%20de%20Sergio%20Mattarella%2C%20presidente%20de%20la%20Rep\u00fablica%20Italiana.pdf\">aqu\u00ed<\/a>).<\/p>\n\n\n\n<p>Finalmente, el rector Corchado enmarc\u00f3 la investidura en la tradici\u00f3n humanista de la Universidad de Salamanca y de la Escuela de Salamanca, destacando su legado en la construcci\u00f3n del pensamiento europeo. Subray\u00f3 que los principios debatidos hist\u00f3ricamente en sus aulas \u2014como la justicia, la dignidad humana o la regulaci\u00f3n jur\u00eddica de las relaciones entre naciones\u2014 siguen siendo fundamentales en la Europa contempor\u00e1nea. En este contexto, present\u00f3 a Mattarella como un referente de liderazgo basado en la defensa de los valores constitucionales, la cooperaci\u00f3n internacional y la primac\u00eda del derecho frente a la fuerza (consulta laudatoria <a href=\"https:\/\/comunicacion.usal.es\/sites\/comunicacion.usal.es\/files\/2026-03\/Laudatio%20Rector%20Doctorado%20Honoris%20Causa%20a%20Sergio%20Mattarella_0.pdf\">aqu\u00ed<\/a>).<\/p>\n","protected":false},"excerpt":{"rendered":"<p>El 19 de marzo de 2026 la Universidad de Salamanca ha vivido un nuevo d\u00eda hist\u00f3rico con la investidura como Doctor Honoris Causa de S.E. el Presidente de la Rep\u00fablica de Italia el Sr. Sergio Mattarella, a la que tuve el inmenso honor de asistir. Su Majestad el Rey Felipe VI presidi\u00f3 en la Universidad [&hellip;]<\/p>\n","protected":false},"author":1,"featured_media":348,"comment_status":"closed","ping_status":"","sticky":false,"template":"","format":"standard","meta":{"footnotes":""},"categories":[14],"tags":[15,18],"class_list":["post-347","post","type-post","status-publish","format-standard","has-post-thumbnail","hentry","category-actos","tag-academia","tag-honoris-causa"],"_links":{"self":[{"href":"http:\/\/lmsanchezgil.com\/index.php?rest_route=\/wp\/v2\/posts\/347","targetHints":{"allow":["GET"]}}],"collection":[{"href":"http:\/\/lmsanchezgil.com\/index.php?rest_route=\/wp\/v2\/posts"}],"about":[{"href":"http:\/\/lmsanchezgil.com\/index.php?rest_route=\/wp\/v2\/types\/post"}],"author":[{"embeddable":true,"href":"http:\/\/lmsanchezgil.com\/index.php?rest_route=\/wp\/v2\/users\/1"}],"replies":[{"embeddable":true,"href":"http:\/\/lmsanchezgil.com\/index.php?rest_route=%2Fwp%2Fv2%2Fcomments&post=347"}],"version-history":[{"count":1,"href":"http:\/\/lmsanchezgil.com\/index.php?rest_route=\/wp\/v2\/posts\/347\/revisions"}],"predecessor-version":[{"id":349,"href":"http:\/\/lmsanchezgil.com\/index.php?rest_route=\/wp\/v2\/posts\/347\/revisions\/349"}],"wp:featuredmedia":[{"embeddable":true,"href":"http:\/\/lmsanchezgil.com\/index.php?rest_route=\/wp\/v2\/media\/348"}],"wp:attachment":[{"href":"http:\/\/lmsanchezgil.com\/index.php?rest_route=%2Fwp%2Fv2%2Fmedia&parent=347"}],"wp:term":[{"taxonomy":"category","embeddable":true,"href":"http:\/\/lmsanchezgil.com\/index.php?rest_route=%2Fwp%2Fv2%2Fcategories&post=347"},{"taxonomy":"post_tag","embeddable":true,"href":"http:\/\/lmsanchezgil.com\/index.php?rest_route=%2Fwp%2Fv2%2Ftags&post=347"}],"curies":[{"name":"wp","href":"https:\/\/api.w.org\/{rel}","templated":true}]}}