{"id":339,"date":"2026-03-11T17:40:10","date_gmt":"2026-03-11T17:40:10","guid":{"rendered":"http:\/\/lmsanchezgil.com\/?p=339"},"modified":"2026-03-24T08:48:49","modified_gmt":"2026-03-24T08:48:49","slug":"acto-de-entrega-de-xxii-premios-fundacion-rodolfo-benito-samaniego","status":"publish","type":"post","link":"http:\/\/lmsanchezgil.com\/?p=339","title":{"rendered":"Acto de entrega de XXII Premios Fundaci\u00f3n Rodolfo Benito Samaniego"},"content":{"rendered":"\n<p>De acuerdo con su tradici\u00f3n, la Fundaci\u00f3n Rodolfo Benito Samaniego entregaba la tarde del pasado martes 10 de marzo sus XXII premios anuales. El acto repleto de solemnidad y sentimiento comenz\u00f3, como no pod\u00eda ser de otro modo, a las 18:30 horas con un minuto de silencio en recuerdo a todas las v\u00edctimas del terrorismo.<\/p>\n\n\n\n<p>Tras unas palabras de bienvenida pronunciadas por D\u00f1a. Eva Senra, Vicerrectora de Estudiantes de la Universidad de Alcal\u00e1, comenz\u00f3 la entrega de galardones. El premio individual a los Valores de Convivencia recay\u00f3 sobre Miguel Delibes de Castro, cuya <em>laudatio<\/em> recog\u00eda lo siguiente:<\/p>\n\n\n\n<blockquote class=\"wp-block-quote is-layout-flow wp-block-quote-is-layout-flow\">\n<p>Estudi\u00f3 Ciencias Biol\u00f3gicas en la Universidad Complutense de Madrid; tras licenciarse en 1969 realiz\u00f3 la tesis doctoral en Do\u00f1ana, que finaliz\u00f3 en 1977; dicha tesis trat\u00f3 sobre la ecolog\u00eda tr\u00f3fica del lince ib\u00e9rico. M\u00e1s tarde fue nombrado director de la Estaci\u00f3n Biol\u00f3gica de Do\u00f1ana, perteneciente al Consejo Superior de Investigaciones Cient\u00edficas, desde 1988 hasta 1996. Firm\u00f3, asimismo, el Manifiesto de Tenerife, en 1983, texto precursor del ecologismo pol\u00edtico en Espa\u00f1a. <\/p>\n<\/blockquote>\n\n\n\n<blockquote class=\"wp-block-quote is-layout-flow wp-block-quote-is-layout-flow\">\n<p>Ha desarrollado una extensa labor como miembro de la Uni\u00f3n Internacional para la Conservaci\u00f3n de la Natura-leza, trabajando en diversos grupos de investigaci\u00f3n en Espa\u00f1a, Argentina y M\u00e9xico y siendo asesor de la Cumbre de R\u00edo que trat\u00f3 la biodiversidad en 1992. Es presidente de honor de la Sociedad Espa\u00f1ola para la Conservaci\u00f3n y Estudio de Mamiteros.<\/p>\n<\/blockquote>\n\n\n\n<blockquote class=\"wp-block-quote is-layout-flow wp-block-quote-is-layout-flow\">\n<p>Sus trabajos de campo y estudios cient\u00edficos se han plasmado en multitud de libros, y art\u00edculos de car\u00e1cter cient\u00edfico, requisito indispensable para ser reconocido como cient\u00edfico relevante. Es tambi\u00e9n notable su faceta como divulgador iniciada en sus a\u00f1os de juventud con Felix Rodr\u00edguez de la Fuente, trabajando, entre otras. como redactor de la Enciclopedia Salvat de la fauna.<\/p>\n<\/blockquote>\n\n\n\n<blockquote class=\"wp-block-quote is-layout-flow wp-block-quote-is-layout-flow\">\n<p>Ha dirigido el Grupo de Ecolog\u00eda de Carn\u00edvoros de la Estaci\u00f3n Biol\u00f3gica de Do\u00f1ana, donde estudia el lince ib\u00e9rico dentro de los programas de protecci\u00f3n de la especie en peligro de extinci\u00f3n.<\/p>\n<\/blockquote>\n\n\n\n<blockquote class=\"wp-block-quote is-layout-flow wp-block-quote-is-layout-flow\">\n<p>En 2013 fue nombrado nuevo presidente del Consejo de Participaci\u00f3n de Do\u00f1ana, permaneciendo en el cargo hasta julio de 2024.<\/p>\n<\/blockquote>\n\n\n\n<p>El Premio Colectivo a los Valores de Convivencia fue otorgado a la Sociedad de Condue\u00f1os de los Edificios que fueron Universidad. En su laudatoria se destac\u00f3 lo siguiente:<\/p>\n\n\n\n<blockquote class=\"wp-block-quote is-layout-flow wp-block-quote-is-layout-flow\">\n<p>La Sociedad de Condue\u00f1os de los edificios que fueron Universidad, fundada por un grupo de ciudadanos de Alcal\u00e1 de Henares, naci\u00f3 del compromiso ejemplar de proteger el legado hist\u00f3rico de la antigua Universidad Cis-neriana tras su traslado a Madrid en 1836.<\/p>\n\n\n\n<p>En 1850, el derribo de un arco de gran tradici\u00f3n en la ciudad, el hallazgo accidental de los restos del Cardenal Cisneros (fundador de la Universidad) en unas obras de demolici\u00f3n y el rumor de que se quer\u00eda desmontar la fachada de la Universidad, espolearon la puesta en marcha de un movimiento vecinal. Este movimiento dio lugar a la creaci\u00f3n de una sociedad filantr\u00f3pica, que el 12 de diciembre de 1850 compr\u00f3 por 90.000 reales al<\/p>\n\n\n\n<p>Conde de Quinto la manzana que conten\u00eda los principales edificios de la Universidad. La Sociedad de Condue\u00f1os se constituy\u00f3 con 900 l\u00e1minas de 100 reales, que solo pod\u00edan transferirse entre vecinos de la ciudad, y de las que una persona no pod\u00eda tener m\u00e1s de diez.<\/p>\n\n\n\n<p>Gracias a aquella iniciativa -la primera de car\u00e1cter privado creada para salvar un conjunto monumental- se preserv\u00f3 la manzana fundacional universitaria, hoy integrada en la Universidad de Alcal\u00e1 y declarada Patrimonio de la Humanidad por la UNESCO en 1998.<\/p>\n\n\n\n<p>Durante m\u00e1s de 170 a\u00f1os, la Sociedad ha sido garante de la conservaci\u00f3n de espacios tan simb\u00f3licos como el Colegio Mayor de San Ildefonso, cumpliendo fielmente el esp\u00edritu altruista de sus fundadores. Su modelo, basado en la implicaci\u00f3n ciudadana y la transmisi\u00f3n generacional del compromiso cultural, ha permitido que este legado llegue vivo hasta nuestros d\u00edas. La cesi\u00f3n de los edificios a la Universidad y su activa participaci\u00f3n en la vida cultural complutense evidencian una trayectoria marcada por la generosidad y el servicio p\u00fablico.<\/p>\n\n\n\n<p>Finalmente, el Premio a la Innovaci\u00f3n tecnol\u00f3gica fue recibido por Bidane Jim\u00e9nez Mart\u00ednez, con dos Menciones Honor\u00edficas (<em>ex aequo<\/em>) para An\u00edbal Rozada Su\u00e1rez y Juan Manuel Cantarero Angulo. Sobre la premiada se resalt\u00f3:<\/p>\n\n\n\n<blockquote class=\"wp-block-quote is-layout-flow wp-block-quote-is-layout-flow\">\n<p>Bidane Jim\u00e9nez Mart\u00ednez creci\u00f3 estudiando en los centros p\u00fablicos de su barrio, desde donde tuvo la oportunidad de cursar un a\u00f1o acad\u00e9mico en Versailles<\/p>\n\n\n\n<p>(Ohio, EE.UU.) durante primero de Bachillerato.<\/p>\n\n\n\n<p>En 2019 comenz\u00f3 el grado en Ingenier\u00eda en Tecnolog\u00edas Industriales en la Universidad Carlos IlI de Madrid, donde fue delegada de curso y miembro electo de la Junta de Escuela. Durante el tercer a\u00f1o complet\u00f3 una estancia acad\u00e9mica en la Universidad de Florida, a trav\u00e9s del programa de movilidad de su universidad.<\/p>\n\n\n\n<p>Finaliz\u00f3 la carrera en cuatro a\u00f1os. obteniendo matr\u00edcula de honor en su TFG desarrollado en colaboraci\u00f3n con Airbus.<\/p>\n\n\n\n<p>Posteriormente continu\u00f3 estudiando en la UC3M para cursar el M\u00e1ster en Ingenier\u00eda Industrial, donde colabor\u00f3 con el Colegio de Ingenieros Industriales impulsando la participaci\u00f3n de estudiantes y organizando actividades t\u00e9cnicas y de divulgaci\u00f3n. Finaliz\u00f3 sus estudios desarrollando su TFM en el RoboticsLab de la UC3M en colaboraci\u00f3n con Gesnaer. Actualmente se encuentra trabajando en INDRA como ingeniera junior en gesti\u00f3n de proyectos.<\/p>\n\n\n\n<p>El acto fue acompa\u00f1ado por la actuaci\u00f3n musical de Enrique Berm\u00fadez y concluy\u00f3 con las palabras de D\u00f1a. Isabel Hidalgo Serna, Presidenta de la Fundaci\u00f3n Rodolfo Benito Samaniego.<\/p>\n\n\n\n<p>Aprovecho este espacio, una vez m\u00e1s, para agradecer a la fundaci\u00f3n y -especialmente- a Juan Benito, su invitaci\u00f3n al acto y la labor que desarrollan en su d\u00eda a d\u00eda.<\/p>\n<\/blockquote>\n\n\n\n<blockquote class=\"wp-block-quote is-layout-flow wp-block-quote-is-layout-flow\"><\/blockquote>\n<\/blockquote>\n\n\n\n<blockquote class=\"wp-block-quote is-layout-flow wp-block-quote-is-layout-flow\"><\/blockquote>\n","protected":false},"excerpt":{"rendered":"<p>De acuerdo con su tradici\u00f3n, la Fundaci\u00f3n Rodolfo Benito Samaniego entregaba la tarde del pasado martes 10 de marzo sus XXII premios anuales. El acto repleto de solemnidad y sentimiento comenz\u00f3, como no pod\u00eda ser de otro modo, a las 18:30 horas con un minuto de silencio en recuerdo a todas las v\u00edctimas del terrorismo. [&hellip;]<\/p>\n","protected":false},"author":1,"featured_media":338,"comment_status":"closed","ping_status":"","sticky":false,"template":"","format":"standard","meta":{"footnotes":""},"categories":[14],"tags":[17,11],"class_list":["post-339","post","type-post","status-publish","format-standard","has-post-thumbnail","hentry","category-actos","tag-sociedad","tag-terrorismo"],"_links":{"self":[{"href":"http:\/\/lmsanchezgil.com\/index.php?rest_route=\/wp\/v2\/posts\/339","targetHints":{"allow":["GET"]}}],"collection":[{"href":"http:\/\/lmsanchezgil.com\/index.php?rest_route=\/wp\/v2\/posts"}],"about":[{"href":"http:\/\/lmsanchezgil.com\/index.php?rest_route=\/wp\/v2\/types\/post"}],"author":[{"embeddable":true,"href":"http:\/\/lmsanchezgil.com\/index.php?rest_route=\/wp\/v2\/users\/1"}],"replies":[{"embeddable":true,"href":"http:\/\/lmsanchezgil.com\/index.php?rest_route=%2Fwp%2Fv2%2Fcomments&post=339"}],"version-history":[{"count":1,"href":"http:\/\/lmsanchezgil.com\/index.php?rest_route=\/wp\/v2\/posts\/339\/revisions"}],"predecessor-version":[{"id":344,"href":"http:\/\/lmsanchezgil.com\/index.php?rest_route=\/wp\/v2\/posts\/339\/revisions\/344"}],"wp:featuredmedia":[{"embeddable":true,"href":"http:\/\/lmsanchezgil.com\/index.php?rest_route=\/wp\/v2\/media\/338"}],"wp:attachment":[{"href":"http:\/\/lmsanchezgil.com\/index.php?rest_route=%2Fwp%2Fv2%2Fmedia&parent=339"}],"wp:term":[{"taxonomy":"category","embeddable":true,"href":"http:\/\/lmsanchezgil.com\/index.php?rest_route=%2Fwp%2Fv2%2Fcategories&post=339"},{"taxonomy":"post_tag","embeddable":true,"href":"http:\/\/lmsanchezgil.com\/index.php?rest_route=%2Fwp%2Fv2%2Ftags&post=339"}],"curies":[{"name":"wp","href":"https:\/\/api.w.org\/{rel}","templated":true}]}}