{"id":299,"date":"2026-03-13T09:30:00","date_gmt":"2026-03-13T09:30:00","guid":{"rendered":"http:\/\/lmsanchezgil.com\/?p=299"},"modified":"2026-03-18T12:40:34","modified_gmt":"2026-03-18T12:40:34","slug":"zona-segura-360o-pensando-la-seguridad-en-radio-usal","status":"publish","type":"post","link":"http:\/\/lmsanchezgil.com\/?p=299","title":{"rendered":"Zona Segura 360\u00ba: pensando la seguridad en Radio USAL"},"content":{"rendered":"\n<p>El pasado mi\u00e9rcoles 11 de marzo, D\u00eda Europeo de las V\u00edctimas del Terrorismo, Radio USAL estrenaba con un directo a las 18:30 horas el programa Zona Segura 360\u00ba. Este parte de una iniciativa del Grupo de Estudio Interdisciplinares en Terrorismo y Seguridad (GEITS-USAL), bajo mi direcci\u00f3n y con Manuel Escudero como presentador del mismo.<\/p>\n\n\n\n<p>En el primer programa dimos la bienvenida a los oyentes y presentamos el GEITS-USAL a toda la comunidad. A continuaci\u00f3n, como no pod\u00eda ser de otro modo en una fecha tan se\u00f1alada, dedicamos la conversaci\u00f3n al an\u00e1lisis de los atentados del 11M, acontecidos hace 22 a\u00f1os en diferentes puntos de la ciudad de Madrid.<\/p>\n\n\n\n<p>El referido ataque terrorista tuvo lugar el 11 de marzo de 2004. Su inicio se produjo con la explosi\u00f3n de tres bombas a las 7:39 horas en un tren de cercan\u00edas que llegaba a la Estaci\u00f3n de Atocha procedente de Guadalajara. Tres minutos despu\u00e9s, a las 7:42 horas, cuatro bombas m\u00e1s explotaban en otro tren que circulaba frente a la calle T\u00e9llez, aproximadamente a 500 metros de la misma estaci\u00f3n. Adem\u00e1s, casi simult\u00e1neamente explotaban otras dos bombas en un tren en la Estaci\u00f3n del Pozo del T\u00edo Raimundo y otra en la Estaci\u00f3n de Santa Eugenia. El balance de fallecidos ascendi\u00f3 a 192 personas, a las que se suman como v\u00edctimas las m\u00e1s de 2.000 heridas. Los ataques fueron autor\u00eda de Al Qaeda, organizaci\u00f3n yihadista salmista que hab\u00eda patrocinado los atentados del 11S. La dimensi\u00f3n victimol\u00f3gica de la acci\u00f3n, a\u00fan hoy la m\u00e1s letal en suelo europeo, justifica el establecimiento de esta fecha como el D\u00eda Europeo de las V\u00edctimas del Terrorismo.<\/p>\n\n\n\n<p>Aprovecho este espacio para trasladar mi apoyo y solidaridad a todas las v\u00edctimas del terrorismo, las cuales siempre contar\u00e1n con mi compromiso social.<\/p>\n\n\n\n<p>Pueden escuchar los programas completos en la plataforma iVoox (<a href=\"https:\/\/go.ivoox.com\/rf\/169985895\">aqu\u00ed<\/a>).<\/p>\n","protected":false},"excerpt":{"rendered":"<p>El pasado mi\u00e9rcoles 11 de marzo, D\u00eda Europeo de las V\u00edctimas del Terrorismo, Radio USAL estrenaba con un directo a las 18:30 horas el programa Zona Segura 360\u00ba. Este parte de una iniciativa del Grupo de Estudio Interdisciplinares en Terrorismo y Seguridad (GEITS-USAL), bajo mi direcci\u00f3n y con Manuel Escudero como presentador del mismo. En [&hellip;]<\/p>\n","protected":false},"author":1,"featured_media":300,"comment_status":"closed","ping_status":"","sticky":false,"template":"","format":"standard","meta":{"footnotes":""},"categories":[31],"tags":[30,11],"class_list":["post-299","post","type-post","status-publish","format-standard","has-post-thumbnail","hentry","category-divulgacion","tag-seguridad","tag-terrorismo"],"_links":{"self":[{"href":"http:\/\/lmsanchezgil.com\/index.php?rest_route=\/wp\/v2\/posts\/299","targetHints":{"allow":["GET"]}}],"collection":[{"href":"http:\/\/lmsanchezgil.com\/index.php?rest_route=\/wp\/v2\/posts"}],"about":[{"href":"http:\/\/lmsanchezgil.com\/index.php?rest_route=\/wp\/v2\/types\/post"}],"author":[{"embeddable":true,"href":"http:\/\/lmsanchezgil.com\/index.php?rest_route=\/wp\/v2\/users\/1"}],"replies":[{"embeddable":true,"href":"http:\/\/lmsanchezgil.com\/index.php?rest_route=%2Fwp%2Fv2%2Fcomments&post=299"}],"version-history":[{"count":1,"href":"http:\/\/lmsanchezgil.com\/index.php?rest_route=\/wp\/v2\/posts\/299\/revisions"}],"predecessor-version":[{"id":301,"href":"http:\/\/lmsanchezgil.com\/index.php?rest_route=\/wp\/v2\/posts\/299\/revisions\/301"}],"wp:featuredmedia":[{"embeddable":true,"href":"http:\/\/lmsanchezgil.com\/index.php?rest_route=\/wp\/v2\/media\/300"}],"wp:attachment":[{"href":"http:\/\/lmsanchezgil.com\/index.php?rest_route=%2Fwp%2Fv2%2Fmedia&parent=299"}],"wp:term":[{"taxonomy":"category","embeddable":true,"href":"http:\/\/lmsanchezgil.com\/index.php?rest_route=%2Fwp%2Fv2%2Fcategories&post=299"},{"taxonomy":"post_tag","embeddable":true,"href":"http:\/\/lmsanchezgil.com\/index.php?rest_route=%2Fwp%2Fv2%2Ftags&post=299"}],"curies":[{"name":"wp","href":"https:\/\/api.w.org\/{rel}","templated":true}]}}