{"id":286,"date":"2026-02-27T09:30:00","date_gmt":"2026-02-27T09:30:00","guid":{"rendered":"http:\/\/lmsanchezgil.com\/?p=286"},"modified":"2026-02-27T18:47:51","modified_gmt":"2026-02-27T18:47:51","slug":"participacion-en-el-programa-random-de-radio-usal","status":"publish","type":"post","link":"http:\/\/lmsanchezgil.com\/?p=286","title":{"rendered":"En Random (Radio USAL) abordamos la realidad de los Colegios Mayores"},"content":{"rendered":"\n<p>El pasado lunes 23 de marzo, a las 18:00 horas, participaba junto con Pablo Ramos Hern\u00e1ndez -subdirector del Colegio Mayor de Oviedo- en el Programa Random, un magazine emitido en directo por Radio USAL y presentado por Manuel Escudero.<\/p>\n\n\n\n<p>El motivo de nuestra presencia en el programa fue la asistencia a las XLVII Jornadas de Colegios Mayores celebradas en Granada. Ocasi\u00f3n que aprovechamos para responder a las cuestiones de Manuel y acercar la realidad de los colegios mayores a los oyentes. Todo ello, en el ambiente distendido y ameno que caracteriza al programa.<\/p>\n\n\n\n<p>Quiero agradecer la invitaci\u00f3n al programa y coger el guante lanzado por el presentador para una pr\u00f3xima visita en la que hablar\u00e9 de cuestiones vinculadas con el terrorismo y la seguridad.<\/p>\n\n\n\n<p>Pueden escuchar el programa completo <a href=\"https:\/\/open.spotify.com\/episode\/5f3lveKXeIzGhro1vCtgjM?si=CnBiWcg6S7edUmi9F1Wkbg&amp;t=259&amp;ct=259\" target=\"_blank\" rel=\"noreferrer noopener\">aqu\u00ed<\/a>.<\/p>\n\n\n\n<p><\/p>\n","protected":false},"excerpt":{"rendered":"<p>El pasado lunes 23 de marzo, a las 18:00 horas, participaba junto con Pablo Ramos Hern\u00e1ndez -subdirector del Colegio Mayor de Oviedo- en el Programa Random, un magazine emitido en directo por Radio USAL y presentado por Manuel Escudero. El motivo de nuestra presencia en el programa fue la asistencia a las XLVII Jornadas de [&hellip;]<\/p>\n","protected":false},"author":1,"featured_media":287,"comment_status":"closed","ping_status":"","sticky":false,"template":"","format":"standard","meta":{"footnotes":""},"categories":[24],"tags":[25,29],"class_list":["post-286","post","type-post","status-publish","format-standard","has-post-thumbnail","hentry","category-colegio-mayor","tag-comunidad-universitaria","tag-medios-de-comunicacion"],"_links":{"self":[{"href":"http:\/\/lmsanchezgil.com\/index.php?rest_route=\/wp\/v2\/posts\/286","targetHints":{"allow":["GET"]}}],"collection":[{"href":"http:\/\/lmsanchezgil.com\/index.php?rest_route=\/wp\/v2\/posts"}],"about":[{"href":"http:\/\/lmsanchezgil.com\/index.php?rest_route=\/wp\/v2\/types\/post"}],"author":[{"embeddable":true,"href":"http:\/\/lmsanchezgil.com\/index.php?rest_route=\/wp\/v2\/users\/1"}],"replies":[{"embeddable":true,"href":"http:\/\/lmsanchezgil.com\/index.php?rest_route=%2Fwp%2Fv2%2Fcomments&post=286"}],"version-history":[{"count":2,"href":"http:\/\/lmsanchezgil.com\/index.php?rest_route=\/wp\/v2\/posts\/286\/revisions"}],"predecessor-version":[{"id":289,"href":"http:\/\/lmsanchezgil.com\/index.php?rest_route=\/wp\/v2\/posts\/286\/revisions\/289"}],"wp:featuredmedia":[{"embeddable":true,"href":"http:\/\/lmsanchezgil.com\/index.php?rest_route=\/wp\/v2\/media\/287"}],"wp:attachment":[{"href":"http:\/\/lmsanchezgil.com\/index.php?rest_route=%2Fwp%2Fv2%2Fmedia&parent=286"}],"wp:term":[{"taxonomy":"category","embeddable":true,"href":"http:\/\/lmsanchezgil.com\/index.php?rest_route=%2Fwp%2Fv2%2Fcategories&post=286"},{"taxonomy":"post_tag","embeddable":true,"href":"http:\/\/lmsanchezgil.com\/index.php?rest_route=%2Fwp%2Fv2%2Ftags&post=286"}],"curies":[{"name":"wp","href":"https:\/\/api.w.org\/{rel}","templated":true}]}}