{"id":283,"date":"2025-11-12T09:30:00","date_gmt":"2025-11-12T09:30:00","guid":{"rendered":"http:\/\/lmsanchezgil.com\/?p=283"},"modified":"2026-02-27T18:36:23","modified_gmt":"2026-02-27T18:36:23","slug":"exposicion-locografias-iv-premio-internacional-fotografia-y-locura","status":"publish","type":"post","link":"http:\/\/lmsanchezgil.com\/?p=283","title":{"rendered":"Exposici\u00f3n Locograf\u00edas: IV Premio Internacional fotograf\u00eda y locura"},"content":{"rendered":"\n<p>Desde que el pasado 14 de octubre se inaugurara en la Facultad de Psicolog\u00eda la exposici\u00f3n Locograf\u00edas, correspondiente al IV Premio Internacional de fotograf\u00eda y locura de la Fundaci\u00f3n INTRAS, la muestra ha recorrido diferentes centros de la Universidad de Salamanca, hasta finalizar su recorrido este viernes 7 de noviembre en el Edificio Multiusos I+D+i.<\/p>\n\n\n\n<p>La muestra, que he tenido el placer de comisionar junto con otros compa\u00f1eros -con el apoyo de INICO y el Servicio de Asuntos Sociales- se ha compuesto por un total de 30 im\u00e1genes y relatos. La fotograf\u00eda ganadora del certamen, \u00abDulcinea y Lucero\u00bb -cuyo autor es Jes\u00fas Segura-, refleja -como el resto de premiadas- elementos que muy presentes durante la pandemia -tales como  ventanas, mascotas, m\u00fasica, ausencias\u2026). Sin lugar a dudas, una pandemia que afecto a la salud mental de toda la sociedad.<\/p>\n\n\n\n<p>Esta muestra tambi\u00e9n se ha quiso incluir como acto conmemorativo por el d\u00eda de la Salud Mental, celebrado cada 10 de octubre.<\/p>\n\n\n\n<p>Finalmente, quiero agradecer las facilidades de la Fundaci\u00f3n INTRAS para hacer posible la exposici\u00f3n, as\u00ed como a los cientos de visitantes que la han recorrido durante estos meses.<\/p>\n","protected":false},"excerpt":{"rendered":"<p>Desde que el pasado 14 de octubre se inaugurara en la Facultad de Psicolog\u00eda la exposici\u00f3n Locograf\u00edas, correspondiente al IV Premio Internacional de fotograf\u00eda y locura de la Fundaci\u00f3n INTRAS, la muestra ha recorrido diferentes centros de la Universidad de Salamanca, hasta finalizar su recorrido este viernes 7 de noviembre en el Edificio Multiusos I+D+i. [&hellip;]<\/p>\n","protected":false},"author":1,"featured_media":284,"comment_status":"closed","ping_status":"","sticky":false,"template":"","format":"standard","meta":{"footnotes":""},"categories":[28],"tags":[27,17],"class_list":["post-283","post","type-post","status-publish","format-standard","has-post-thumbnail","hentry","category-exposiciones","tag-salud-mental","tag-sociedad"],"_links":{"self":[{"href":"http:\/\/lmsanchezgil.com\/index.php?rest_route=\/wp\/v2\/posts\/283","targetHints":{"allow":["GET"]}}],"collection":[{"href":"http:\/\/lmsanchezgil.com\/index.php?rest_route=\/wp\/v2\/posts"}],"about":[{"href":"http:\/\/lmsanchezgil.com\/index.php?rest_route=\/wp\/v2\/types\/post"}],"author":[{"embeddable":true,"href":"http:\/\/lmsanchezgil.com\/index.php?rest_route=\/wp\/v2\/users\/1"}],"replies":[{"embeddable":true,"href":"http:\/\/lmsanchezgil.com\/index.php?rest_route=%2Fwp%2Fv2%2Fcomments&post=283"}],"version-history":[{"count":1,"href":"http:\/\/lmsanchezgil.com\/index.php?rest_route=\/wp\/v2\/posts\/283\/revisions"}],"predecessor-version":[{"id":285,"href":"http:\/\/lmsanchezgil.com\/index.php?rest_route=\/wp\/v2\/posts\/283\/revisions\/285"}],"wp:featuredmedia":[{"embeddable":true,"href":"http:\/\/lmsanchezgil.com\/index.php?rest_route=\/wp\/v2\/media\/284"}],"wp:attachment":[{"href":"http:\/\/lmsanchezgil.com\/index.php?rest_route=%2Fwp%2Fv2%2Fmedia&parent=283"}],"wp:term":[{"taxonomy":"category","embeddable":true,"href":"http:\/\/lmsanchezgil.com\/index.php?rest_route=%2Fwp%2Fv2%2Fcategories&post=283"},{"taxonomy":"post_tag","embeddable":true,"href":"http:\/\/lmsanchezgil.com\/index.php?rest_route=%2Fwp%2Fv2%2Ftags&post=283"}],"curies":[{"name":"wp","href":"https:\/\/api.w.org\/{rel}","templated":true}]}}