{"id":276,"date":"2026-02-25T09:30:00","date_gmt":"2026-02-25T09:30:00","guid":{"rendered":"http:\/\/lmsanchezgil.com\/?p=276"},"modified":"2026-02-27T09:39:03","modified_gmt":"2026-02-27T09:39:03","slug":"participacion-en-xlvii-jornadas-de-colegios-mayores","status":"publish","type":"post","link":"http:\/\/lmsanchezgil.com\/?p=276","title":{"rendered":"Participaci\u00f3n en XLVII Jornadas de Colegios Mayores"},"content":{"rendered":"\n<p>Entre los d\u00edas 18 y 21 de febrero Granada se ha convertido en el epicentro de los colegios mayores universitarios. En el evento, al que asist\u00ed como director del Colegio Mayor de Oviedo de la Universidad de Salamanca, nos dimos cita 74 instituciones -entre las que cabe destacar la presencia de colegios mayores de Italia y M\u00e9xico- y un total de 126 miembros de equipos directivos y 130 colegiales.<\/p>\n\n\n\n<p>Las jornadas se articularon en torno a cuatro sesiones diferenciadas. El inicio se produjo el mi\u00e9rcoles 18 a las 18:00 h. en el sal\u00f3n de actos del C.M.U. Jes\u00fas Mar\u00eda, donde se celebr\u00f3 la Asamblea General ordinaria del Consejo de Colegios Mayores Universitarios de Espa\u00f1a (CCMUE). En este se efectuaron los correspondientes balances anuales, adem\u00e1s de remarcar el ya anunciado proceso de elecci\u00f3n de una nueva junta, el cual se celebrar\u00e1 a inicios del pr\u00f3ximo mes de marzo. A continuaci\u00f3n, se sirvi\u00f3 un cocktail de bienvenida -en el que los participantes pudimos saludarnos- que finaliz\u00f3 con un espect\u00e1culo flamenco tra\u00eddo del Sacromonte.<\/p>\n\n\n\n<p>La segunda sesi\u00f3n comenz\u00f3 a las 9:15 horas del jueves 15 en el Espacio V Centenario de la Universidad de Granada (UGR) con la sesi\u00f3n de apertura presidida por Juan Luis Ben\u00edtez, vicerrector de estudiantes y vida colegial de la UGR, Marifr\u00e1n Carazo, alcaldesa de Granada, y Antonio Navajas, presidente del CCMUE. Tras sus palabras, la lecci\u00f3n magistral fue pronunciada por el profesor Jos\u00e9 Luis P\u00e9rez Serraban, profesor de la UGR y Director del C.M.U. San Bartolom\u00e9 y Santiago. En su brillante discurso, desmenuz\u00f3 las estrofas de nuestro querido Gaudeamus Igitur, las cuales relacion\u00f3 con los valores y esp\u00edritu de los colegios mayores universitarios. Tras esta, se organizaron grupos de trabajo que se mantuvieron durante el resto del d\u00eda. Adem\u00e1s, tambi\u00e9n se realiz\u00f3 la correspondiente foto de familia en diferentes lugares del espacio.<\/p>\n\n\n\n<p>El viernes, la jornada continu\u00f3 en el C.M.U. Cardenal Cisneros, donde se celebraron diferentes mesas formativas -con tem\u00e1ticas tan interesantes como la participaci\u00f3n social, la convivencia, la comunicaci\u00f3n, etc.- y, de forma paralela, una reuni\u00f3n de vicerrectorados de estudiantes, a la que tuve el placer de asistir por delegaci\u00f3n de nuestra vicerrectora. En ella, tratamos temas de vital importancia para la comunidad universitaria, entre los que cabe destacar la conclusi\u00f3n de que los colegios mayores deben ser parte de la soluci\u00f3n a los problemas habitacionales que los estudiantes experimentan en muchas ciudades espa\u00f1olas. Seguidamente, tuvo lugar un acto oficial de clausura, con la presencia del Vicerrector de Estudiantes y Vida Colegial de la UGR, el Presidente del CCMUE y el Director del C.M.U. Cardenal Cisneros, la cual estuvo repleta de palabras de agradecimiento y de reafirmaci\u00f3n sobre el \u00e9xito e importancia de estos puntos de encuentro. Tras la comida, se realiz\u00f3 una visita oficial al Albayc\u00edn y, por la noche, se concluy\u00f3 con una cena de gala que, una vez m\u00e1s, constituy\u00f3 un punto de encuentro e intercambio de experiencias entre los equipos directivos.<\/p>\n\n\n\n<p>El punto final de la jornada, como no pod\u00eda ser de otro modo, se produjo con una visita grupal a la Alhambra, en la que -de nuevo- los asistentes pudimos conversar sobre proyectos compartidos mientras disfrut\u00e1bamos de un espacio intercultural maravilloso.<\/p>\n\n\n\n<p>Aprovecho este espacio para agradecer p\u00fablicamente al CCMUE y a todos los C.M.U. de Granada implicados en la organizaci\u00f3n por el trato recibido y lo fruct\u00edfero de dicho encuentro.<\/p>\n","protected":false},"excerpt":{"rendered":"<p>Entre los d\u00edas 18 y 21 de febrero Granada se ha convertido en el epicentro de los colegios mayores universitarios. En el evento, al que asist\u00ed como director del Colegio Mayor de Oviedo de la Universidad de Salamanca, nos dimos cita 74 instituciones -entre las que cabe destacar la presencia de colegios mayores de Italia [&hellip;]<\/p>\n","protected":false},"author":1,"featured_media":277,"comment_status":"closed","ping_status":"","sticky":false,"template":"","format":"standard","meta":{"footnotes":""},"categories":[24],"tags":[25],"class_list":["post-276","post","type-post","status-publish","format-standard","has-post-thumbnail","hentry","category-colegio-mayor","tag-comunidad-universitaria"],"_links":{"self":[{"href":"http:\/\/lmsanchezgil.com\/index.php?rest_route=\/wp\/v2\/posts\/276","targetHints":{"allow":["GET"]}}],"collection":[{"href":"http:\/\/lmsanchezgil.com\/index.php?rest_route=\/wp\/v2\/posts"}],"about":[{"href":"http:\/\/lmsanchezgil.com\/index.php?rest_route=\/wp\/v2\/types\/post"}],"author":[{"embeddable":true,"href":"http:\/\/lmsanchezgil.com\/index.php?rest_route=\/wp\/v2\/users\/1"}],"replies":[{"embeddable":true,"href":"http:\/\/lmsanchezgil.com\/index.php?rest_route=%2Fwp%2Fv2%2Fcomments&post=276"}],"version-history":[{"count":1,"href":"http:\/\/lmsanchezgil.com\/index.php?rest_route=\/wp\/v2\/posts\/276\/revisions"}],"predecessor-version":[{"id":278,"href":"http:\/\/lmsanchezgil.com\/index.php?rest_route=\/wp\/v2\/posts\/276\/revisions\/278"}],"wp:featuredmedia":[{"embeddable":true,"href":"http:\/\/lmsanchezgil.com\/index.php?rest_route=\/wp\/v2\/media\/277"}],"wp:attachment":[{"href":"http:\/\/lmsanchezgil.com\/index.php?rest_route=%2Fwp%2Fv2%2Fmedia&parent=276"}],"wp:term":[{"taxonomy":"category","embeddable":true,"href":"http:\/\/lmsanchezgil.com\/index.php?rest_route=%2Fwp%2Fv2%2Fcategories&post=276"},{"taxonomy":"post_tag","embeddable":true,"href":"http:\/\/lmsanchezgil.com\/index.php?rest_route=%2Fwp%2Fv2%2Ftags&post=276"}],"curies":[{"name":"wp","href":"https:\/\/api.w.org\/{rel}","templated":true}]}}