{"id":272,"date":"2025-11-19T09:30:00","date_gmt":"2025-11-19T09:30:00","guid":{"rendered":"http:\/\/lmsanchezgil.com\/?p=272"},"modified":"2026-02-27T09:39:25","modified_gmt":"2026-02-27T09:39:25","slug":"visita-al-centro-memorial-de-las-victimas-del-terrorismo","status":"publish","type":"post","link":"http:\/\/lmsanchezgil.com\/?p=272","title":{"rendered":"Visita al Centro Memorial de las V\u00edctimas del Terrorismo"},"content":{"rendered":"\n<p>Durante el d\u00eda de ayer casi un centenar de estudiantes de la Universidad de Salamanca tuvieron la ocasi\u00f3n de visitar el Centro Memorial de las V\u00edctimas del Terrorismo en Vitoria. Dicha actividad fue posible gracias a la financiaci\u00f3n de  pr\u00e1cticas de campo presentadas a tal fin en asignaturas del Grado en Criminolog\u00eda y el M\u00e1ster Universitario en Cibercriminalidad, as\u00ed como al apoyo del Grupo de Estudios Interdisciplinares en Terrorismo y Seguridad (GEITS) y a la Asociaci\u00f3n de V\u00edctimas del Terrorismo de Castilla y Le\u00f3n (AVTCyL).<\/p>\n\n\n\n<p>La actividad consisti\u00f3 en una visita guiada al museo, el CMVT es el primer memorial de v\u00edctimas musicalizado del mundo, y una peque\u00f1a tertulia que tuve el placer de dirigir junto con Ra\u00fal L\u00f3pez Romo (responsable del \u00e1rea de educaci\u00f3n del CMVT).<\/p>\n\n\n\n<p>Una vez m\u00e1s, fue un placer poder visitar la muestra del CMVT y compartir un espacio con sus investigadores, por lo que -desde este espacio- reitero p\u00fablicamente mi agradecimiento.<\/p>\n","protected":false},"excerpt":{"rendered":"<p>Durante el d\u00eda de ayer casi un centenar de estudiantes de la Universidad de Salamanca tuvieron la ocasi\u00f3n de visitar el Centro Memorial de las V\u00edctimas del Terrorismo en Vitoria. Dicha actividad fue posible gracias a la financiaci\u00f3n de pr\u00e1cticas de campo presentadas a tal fin en asignaturas del Grado en Criminolog\u00eda y el M\u00e1ster [&hellip;]<\/p>\n","protected":false},"author":1,"featured_media":273,"comment_status":"closed","ping_status":"","sticky":false,"template":"","format":"standard","meta":{"footnotes":""},"categories":[1],"tags":[17,11],"class_list":["post-272","post","type-post","status-publish","format-standard","has-post-thumbnail","hentry","category-eventos","tag-sociedad","tag-terrorismo"],"_links":{"self":[{"href":"http:\/\/lmsanchezgil.com\/index.php?rest_route=\/wp\/v2\/posts\/272","targetHints":{"allow":["GET"]}}],"collection":[{"href":"http:\/\/lmsanchezgil.com\/index.php?rest_route=\/wp\/v2\/posts"}],"about":[{"href":"http:\/\/lmsanchezgil.com\/index.php?rest_route=\/wp\/v2\/types\/post"}],"author":[{"embeddable":true,"href":"http:\/\/lmsanchezgil.com\/index.php?rest_route=\/wp\/v2\/users\/1"}],"replies":[{"embeddable":true,"href":"http:\/\/lmsanchezgil.com\/index.php?rest_route=%2Fwp%2Fv2%2Fcomments&post=272"}],"version-history":[{"count":1,"href":"http:\/\/lmsanchezgil.com\/index.php?rest_route=\/wp\/v2\/posts\/272\/revisions"}],"predecessor-version":[{"id":274,"href":"http:\/\/lmsanchezgil.com\/index.php?rest_route=\/wp\/v2\/posts\/272\/revisions\/274"}],"wp:featuredmedia":[{"embeddable":true,"href":"http:\/\/lmsanchezgil.com\/index.php?rest_route=\/wp\/v2\/media\/273"}],"wp:attachment":[{"href":"http:\/\/lmsanchezgil.com\/index.php?rest_route=%2Fwp%2Fv2%2Fmedia&parent=272"}],"wp:term":[{"taxonomy":"category","embeddable":true,"href":"http:\/\/lmsanchezgil.com\/index.php?rest_route=%2Fwp%2Fv2%2Fcategories&post=272"},{"taxonomy":"post_tag","embeddable":true,"href":"http:\/\/lmsanchezgil.com\/index.php?rest_route=%2Fwp%2Fv2%2Ftags&post=272"}],"curies":[{"name":"wp","href":"https:\/\/api.w.org\/{rel}","templated":true}]}}