{"id":262,"date":"2025-10-10T09:30:00","date_gmt":"2025-10-10T09:30:00","guid":{"rendered":"http:\/\/lmsanchezgil.com\/?p=262"},"modified":"2026-02-27T09:52:34","modified_gmt":"2026-02-27T09:52:34","slug":"del-reto-a-la-oportunidad-personas-comunidad-y-empleo-frente-al-reto-demografico","status":"publish","type":"post","link":"http:\/\/lmsanchezgil.com\/?p=262","title":{"rendered":"\u00abDel reto a la Oportunidad: personas, comunidad y empleo frente al reto demogr\u00e1fico\u00bb"},"content":{"rendered":"\n<p>El pueblo de Fermoselle (Zamora) acogi\u00f3 el pasado mi\u00e9rcoles un evento organizado por la Fundaci\u00f3n Intras en el marco del Proyecto Retoraya. En el mismo, se dieron cita distintas autoridades y actores vinculados con el proyecto y su objeto central.<\/p>\n\n\n\n<p>En este marco, tuve el placer de participar en una mesa dedicada al \u00abempleo y emprendimiento para repoblar el medio rural\u00bb, en representaci\u00f3n de la C\u00e1tedra de Inteligencia Artificial y Reto Demogr\u00e1fico, junto a representantes de ITACYL, DIGIS3 y la C\u00e1mara de Comercio de Zamora.<\/p>\n\n\n\n<p>En el acto tambi\u00e9n tuvieron voz algunos \u00abnuevos pobladores\u00bb residentes en Fermoselle, que narraron sus experiencias y demostraron c\u00f3mo la repoblaci\u00f3n de estos enclaves puede ser una realidad.<\/p>\n","protected":false},"excerpt":{"rendered":"<p>El pueblo de Fermoselle (Zamora) acogi\u00f3 el pasado mi\u00e9rcoles un evento organizado por la Fundaci\u00f3n Intras en el marco del Proyecto Retoraya. En el mismo, se dieron cita distintas autoridades y actores vinculados con el proyecto y su objeto central. En este marco, tuve el placer de participar en una mesa dedicada al \u00abempleo y [&hellip;]<\/p>\n","protected":false},"author":1,"featured_media":263,"comment_status":"closed","ping_status":"","sticky":false,"template":"","format":"standard","meta":{"footnotes":""},"categories":[1],"tags":[19,26,17],"class_list":["post-262","post","type-post","status-publish","format-standard","has-post-thumbnail","hentry","category-eventos","tag-jornada","tag-reto-demografico","tag-sociedad"],"_links":{"self":[{"href":"http:\/\/lmsanchezgil.com\/index.php?rest_route=\/wp\/v2\/posts\/262","targetHints":{"allow":["GET"]}}],"collection":[{"href":"http:\/\/lmsanchezgil.com\/index.php?rest_route=\/wp\/v2\/posts"}],"about":[{"href":"http:\/\/lmsanchezgil.com\/index.php?rest_route=\/wp\/v2\/types\/post"}],"author":[{"embeddable":true,"href":"http:\/\/lmsanchezgil.com\/index.php?rest_route=\/wp\/v2\/users\/1"}],"replies":[{"embeddable":true,"href":"http:\/\/lmsanchezgil.com\/index.php?rest_route=%2Fwp%2Fv2%2Fcomments&post=262"}],"version-history":[{"count":1,"href":"http:\/\/lmsanchezgil.com\/index.php?rest_route=\/wp\/v2\/posts\/262\/revisions"}],"predecessor-version":[{"id":264,"href":"http:\/\/lmsanchezgil.com\/index.php?rest_route=\/wp\/v2\/posts\/262\/revisions\/264"}],"wp:featuredmedia":[{"embeddable":true,"href":"http:\/\/lmsanchezgil.com\/index.php?rest_route=\/wp\/v2\/media\/263"}],"wp:attachment":[{"href":"http:\/\/lmsanchezgil.com\/index.php?rest_route=%2Fwp%2Fv2%2Fmedia&parent=262"}],"wp:term":[{"taxonomy":"category","embeddable":true,"href":"http:\/\/lmsanchezgil.com\/index.php?rest_route=%2Fwp%2Fv2%2Fcategories&post=262"},{"taxonomy":"post_tag","embeddable":true,"href":"http:\/\/lmsanchezgil.com\/index.php?rest_route=%2Fwp%2Fv2%2Ftags&post=262"}],"curies":[{"name":"wp","href":"https:\/\/api.w.org\/{rel}","templated":true}]}}