{"id":255,"date":"2025-10-08T09:30:00","date_gmt":"2025-10-08T09:30:00","guid":{"rendered":"http:\/\/lmsanchezgil.com\/?p=255"},"modified":"2026-02-27T09:40:20","modified_gmt":"2026-02-27T09:40:20","slug":"acto-de-apertura-del-curso-academico-en-el-colegio-mayor-de-oviedo","status":"publish","type":"post","link":"http:\/\/lmsanchezgil.com\/?p=255","title":{"rendered":"Acto de Apertura del Curso Acad\u00e9mico en el Colegio Mayor de Oviedo"},"content":{"rendered":"\n<p>La tarde del pasado viernes 3 de octubre tuvo lugar en el Acto de Apertura del Curso Acad\u00e9mico en el Colegio Mayor de Oviedo en el Sal\u00f3n de Actos Diego de Muros III. Dicho evento cont\u00f3 con la presencia de Juan Manuel Corchado -Rector de la Universidad de Salamanca-, distintos jefes de servicio, personal del centro y miembros de la comunidad colegial. En esta ocasi\u00f3n la conferencia inaugural fue pronunciada por Roc\u00edo Vidal Menacho, divulgadora cient\u00edfica destacada por la repercusi\u00f3n de sus contenidos en las redes sociales.<\/p>\n\n\n\n<p>El acto se inici\u00f3 con las palabras del rector, en ellas env\u00edo un mensaje de apoyo a los Colegios Mayores y expres\u00f3 su deseo de continuar impulsando diversos avances que har\u00e1n crecer a toda la comunidad universitaria. Al termino de su discurso declar\u00f3 inaugurado el curso acad\u00e9mico 2025\/2026 en el Colegio Mayor de Oviedo.<\/p>\n\n\n\n<p>A continuaci\u00f3n, se sucedieron las tomas oficiales de posesi\u00f3n de los nuevos coordinadores del Colegio Mayor. Tras esta, y la correspondiente imposici\u00f3n de insignias a los mismos, pronunci\u00e9 mi discurso como director del centro. En este subray\u00e9 los logros del centro, especialmente el \u00e9xito deportivo del equipo femenino de voleibol, y reafirm\u00e9 el compromiso con la formaci\u00f3n integral de los colegiales, para lo que trataremos de fomentar tanto la excelencia acad\u00e9mica como las actividades culturales y de ocio. Finalmente, ensalc\u00e9 a la conferenciante Roc\u00edo Vidal por su labor de divulgaci\u00f3n cient\u00edfica y pensamiento cr\u00edtico, y dese\u00e9 a los estudiantes un curso fruct\u00edfero y lleno de experiencias.<\/p>\n\n\n\n<p>Tras este turno, el Director del Servicio de Colegios, Residencias y Comedores Universitarios dirigi\u00f3 unas palabras a los asistentes. En ellas hizo hincapi\u00e9 en el esfuerzo que realizan sus familias y la sociedad para que ellos puedan acceder a la formaci\u00f3n universitaria.<\/p>\n\n\n\n<p>Finalizados los discursos, tom\u00f3 posesi\u00f3n oficial del cargo el Decano Colegial del curso 2025\/2026, al que tambi\u00e9n impuse las correspondientes distinciones.<\/p>\n\n\n\n<p>Antes de la intervenci\u00f3n de Roc\u00edo Vidal Menacho, se le hizo entrega de la beca y diploma que la acredita como colegial de honor. Este nombramiento fue aprobado por el Consejo Colegial, reunido en sesi\u00f3n ordinaria el pasado 1 de octubre.<\/p>\n\n\n\n<p>La conferencia inaugural se centr\u00f3 en el ruido, existente especialmente en las redes sociales, y la desinformaci\u00f3n. En estos aspectos se centr\u00f3 el foco en las capacidades de la inteligencia artificial para dificultar las diferencias entre realidad y ficci\u00f3n, as\u00ed como en los nuevos escenarios posibles.<\/p>\n\n\n\n<p>El acto concluy\u00f3 con un c\u00f3ctel en el comedor del Colegio Mayor de Oviedo. Desde aqu\u00ed, reitero mi agradecimiento a todos los asistentes y el deseo de que sea un curso repleto de \u00e9xitos tanto acad\u00e9micos como personales para toda la comunidad colegial.<\/p>\n","protected":false},"excerpt":{"rendered":"<p>La tarde del pasado viernes 3 de octubre tuvo lugar en el Acto de Apertura del Curso Acad\u00e9mico en el Colegio Mayor de Oviedo en el Sal\u00f3n de Actos Diego de Muros III. Dicho evento cont\u00f3 con la presencia de Juan Manuel Corchado -Rector de la Universidad de Salamanca-, distintos jefes de servicio, personal del [&hellip;]<\/p>\n","protected":false},"author":1,"featured_media":256,"comment_status":"closed","ping_status":"","sticky":false,"template":"","format":"standard","meta":{"footnotes":""},"categories":[24],"tags":[15,25],"class_list":["post-255","post","type-post","status-publish","format-standard","has-post-thumbnail","hentry","category-colegio-mayor","tag-academia","tag-comunidad-universitaria"],"_links":{"self":[{"href":"http:\/\/lmsanchezgil.com\/index.php?rest_route=\/wp\/v2\/posts\/255","targetHints":{"allow":["GET"]}}],"collection":[{"href":"http:\/\/lmsanchezgil.com\/index.php?rest_route=\/wp\/v2\/posts"}],"about":[{"href":"http:\/\/lmsanchezgil.com\/index.php?rest_route=\/wp\/v2\/types\/post"}],"author":[{"embeddable":true,"href":"http:\/\/lmsanchezgil.com\/index.php?rest_route=\/wp\/v2\/users\/1"}],"replies":[{"embeddable":true,"href":"http:\/\/lmsanchezgil.com\/index.php?rest_route=%2Fwp%2Fv2%2Fcomments&post=255"}],"version-history":[{"count":1,"href":"http:\/\/lmsanchezgil.com\/index.php?rest_route=\/wp\/v2\/posts\/255\/revisions"}],"predecessor-version":[{"id":257,"href":"http:\/\/lmsanchezgil.com\/index.php?rest_route=\/wp\/v2\/posts\/255\/revisions\/257"}],"wp:featuredmedia":[{"embeddable":true,"href":"http:\/\/lmsanchezgil.com\/index.php?rest_route=\/wp\/v2\/media\/256"}],"wp:attachment":[{"href":"http:\/\/lmsanchezgil.com\/index.php?rest_route=%2Fwp%2Fv2%2Fmedia&parent=255"}],"wp:term":[{"taxonomy":"category","embeddable":true,"href":"http:\/\/lmsanchezgil.com\/index.php?rest_route=%2Fwp%2Fv2%2Fcategories&post=255"},{"taxonomy":"post_tag","embeddable":true,"href":"http:\/\/lmsanchezgil.com\/index.php?rest_route=%2Fwp%2Fv2%2Ftags&post=255"}],"curies":[{"name":"wp","href":"https:\/\/api.w.org\/{rel}","templated":true}]}}