{"id":249,"date":"2025-09-29T09:30:00","date_gmt":"2025-09-29T09:30:00","guid":{"rendered":"http:\/\/lmsanchezgil.com\/?p=249"},"modified":"2025-10-02T10:17:47","modified_gmt":"2025-10-02T10:17:47","slug":"asistencia-al-iv-premio-colmena-avtcyl","status":"publish","type":"post","link":"http:\/\/lmsanchezgil.com\/?p=249","title":{"rendered":"Asistencia al IV Premio Colmena AVTCyL"},"content":{"rendered":"\n<p>El pasado viernes 26 de septiembre tuvo lugar en el Monasterio de Nuestra Se\u00f1ora Del Prado, en Valladolid, la entrega del IV Premio Colmena. Este galard\u00f3n, creado y concedido por la Asociaci\u00f3n de V\u00edctimas del Terrorismo de Castilla y Le\u00f3n, se concede a personas o instituciones en reconocimiento a su labor. La escultura artesanal de cristal que se entrega al homenajeado ha reca\u00eddo en ediciones precedentes en Juan Jos\u00e9 Aliste (<em>in memoriam<\/em>), el Colegio Profesional de Periodistas de Castilla y Le\u00f3n y la Polic\u00eda Nacional.<\/p>\n\n\n\n<p>En esta ocasi\u00f3n el premio ha sido otorgado al Centro Memorial de V\u00edctimas del Terrorismo \u00aben reconocimiento a su labor en la preservaci\u00f3n de la memoria, la defensa de la verdad y el apoyo a las v\u00edctimas y sus familias\u00bb. Este fue recogido por su Florencio Dom\u00ednguez, director del mismo.<\/p>\n\n\n\n<p>Al acto asistieron numerosas autoridades civiles y militares, as\u00ed como miembros de la AVTCyL y representantes de otros colectivos y asociaciones, tanto vinculadas con las v\u00edctimas del terrorismo como con otras causas sociales. Fue un placer poder estar presente en dicho acto, cargado de emotividad, oportunidad que -desde aqu\u00ed- agradezco a la AVTCyL por su invitaci\u00f3n.<\/p>\n\n\n\n<p><\/p>\n","protected":false},"excerpt":{"rendered":"<p>El pasado viernes 26 de septiembre tuvo lugar en el Monasterio de Nuestra Se\u00f1ora Del Prado, en Valladolid, la entrega del IV Premio Colmena. Este galard\u00f3n, creado y concedido por la Asociaci\u00f3n de V\u00edctimas del Terrorismo de Castilla y Le\u00f3n, se concede a personas o instituciones en reconocimiento a su labor. La escultura artesanal de [&hellip;]<\/p>\n","protected":false},"author":1,"featured_media":251,"comment_status":"closed","ping_status":"","sticky":false,"template":"","format":"standard","meta":{"footnotes":""},"categories":[14],"tags":[17,11],"class_list":["post-249","post","type-post","status-publish","format-standard","has-post-thumbnail","hentry","category-actos","tag-sociedad","tag-terrorismo"],"_links":{"self":[{"href":"http:\/\/lmsanchezgil.com\/index.php?rest_route=\/wp\/v2\/posts\/249","targetHints":{"allow":["GET"]}}],"collection":[{"href":"http:\/\/lmsanchezgil.com\/index.php?rest_route=\/wp\/v2\/posts"}],"about":[{"href":"http:\/\/lmsanchezgil.com\/index.php?rest_route=\/wp\/v2\/types\/post"}],"author":[{"embeddable":true,"href":"http:\/\/lmsanchezgil.com\/index.php?rest_route=\/wp\/v2\/users\/1"}],"replies":[{"embeddable":true,"href":"http:\/\/lmsanchezgil.com\/index.php?rest_route=%2Fwp%2Fv2%2Fcomments&post=249"}],"version-history":[{"count":1,"href":"http:\/\/lmsanchezgil.com\/index.php?rest_route=\/wp\/v2\/posts\/249\/revisions"}],"predecessor-version":[{"id":250,"href":"http:\/\/lmsanchezgil.com\/index.php?rest_route=\/wp\/v2\/posts\/249\/revisions\/250"}],"wp:featuredmedia":[{"embeddable":true,"href":"http:\/\/lmsanchezgil.com\/index.php?rest_route=\/wp\/v2\/media\/251"}],"wp:attachment":[{"href":"http:\/\/lmsanchezgil.com\/index.php?rest_route=%2Fwp%2Fv2%2Fmedia&parent=249"}],"wp:term":[{"taxonomy":"category","embeddable":true,"href":"http:\/\/lmsanchezgil.com\/index.php?rest_route=%2Fwp%2Fv2%2Fcategories&post=249"},{"taxonomy":"post_tag","embeddable":true,"href":"http:\/\/lmsanchezgil.com\/index.php?rest_route=%2Fwp%2Fv2%2Ftags&post=249"}],"curies":[{"name":"wp","href":"https:\/\/api.w.org\/{rel}","templated":true}]}}