{"id":246,"date":"2025-09-24T09:30:00","date_gmt":"2025-09-24T09:30:00","guid":{"rendered":"http:\/\/lmsanchezgil.com\/?p=246"},"modified":"2025-10-01T08:13:01","modified_gmt":"2025-10-01T08:13:01","slug":"inauguracion-del-nuevo-master-universitario-en-cibercriminalidad","status":"publish","type":"post","link":"http:\/\/lmsanchezgil.com\/?p=246","title":{"rendered":"Inauguraci\u00f3n del nuevo M\u00e1ster Universitario en Cibercriminalidad"},"content":{"rendered":"\n<p>El pasado lunes, a las 9:00 h. tuvo lugar en la Sala de Juntas de la Facultad de Derecho el acto de inauguraci\u00f3n del M\u00e1ster Universitario en Cibercriminalidad. Este postgrado resulta una titulaci\u00f3n novedosa con la que la Universidad de Salamanca amplia su oferta formativa y, en concreto, permite a los egresados en Criminolog\u00eda -adem\u00e1s de otras disciplinas afines- continuar sus estudios oficiales.<\/p>\n\n\n\n<p>El M\u00e1ster Universitario en Cibercriminalidad, que cuenta con un itinerario de especializaci\u00f3n criminol\u00f3gico y otro jur\u00eddico, ha sido dise\u00f1ado con una perspectiva te\u00f3rico-pr\u00e1ctica. El objetivo es dotar a sus estudiantes de las capacidades necesarias para el afrontamiento de los nuevos riesgos y amenazas criminales que operan en entornos digitales. De este modo, se lanza una formaci\u00f3n novedosa con una perspectiva singular en el panorama universitario espa\u00f1ol.<\/p>\n\n\n\n<p>En el acto de inauguraci\u00f3n estuvo presente la profesora Mar\u00eda \u00c1ngeles Guerv\u00f3s Ma\u00edllo, actual Decana de la Facultad de Derecho, el profesor Federico Bueno de Mata, director de la titulaci\u00f3n, as\u00ed como otros docentes del m\u00e1ster, entre los que tuve el placer de encontrarme. Este acto nos sirvi\u00f3 para mantener un primer contacto con los estudiantes, con los que comenzar\u00e9 mi docencia de la asignatura \u00abCiberperfilaci\u00f3n criminol\u00f3gica\u00bb el pr\u00f3ximo jueves.<\/p>\n","protected":false},"excerpt":{"rendered":"<p>El pasado lunes, a las 9:00 h. tuvo lugar en la Sala de Juntas de la Facultad de Derecho el acto de inauguraci\u00f3n del M\u00e1ster Universitario en Cibercriminalidad. Este postgrado resulta una titulaci\u00f3n novedosa con la que la Universidad de Salamanca amplia su oferta formativa y, en concreto, permite a los egresados en Criminolog\u00eda -adem\u00e1s [&hellip;]<\/p>\n","protected":false},"author":1,"featured_media":247,"comment_status":"closed","ping_status":"","sticky":false,"template":"","format":"standard","meta":{"footnotes":""},"categories":[14],"tags":[13,16,12],"class_list":["post-246","post","type-post","status-publish","format-standard","has-post-thumbnail","hentry","category-actos","tag-cyber","tag-formacion","tag-tecnologia"],"_links":{"self":[{"href":"http:\/\/lmsanchezgil.com\/index.php?rest_route=\/wp\/v2\/posts\/246","targetHints":{"allow":["GET"]}}],"collection":[{"href":"http:\/\/lmsanchezgil.com\/index.php?rest_route=\/wp\/v2\/posts"}],"about":[{"href":"http:\/\/lmsanchezgil.com\/index.php?rest_route=\/wp\/v2\/types\/post"}],"author":[{"embeddable":true,"href":"http:\/\/lmsanchezgil.com\/index.php?rest_route=\/wp\/v2\/users\/1"}],"replies":[{"embeddable":true,"href":"http:\/\/lmsanchezgil.com\/index.php?rest_route=%2Fwp%2Fv2%2Fcomments&post=246"}],"version-history":[{"count":1,"href":"http:\/\/lmsanchezgil.com\/index.php?rest_route=\/wp\/v2\/posts\/246\/revisions"}],"predecessor-version":[{"id":248,"href":"http:\/\/lmsanchezgil.com\/index.php?rest_route=\/wp\/v2\/posts\/246\/revisions\/248"}],"wp:featuredmedia":[{"embeddable":true,"href":"http:\/\/lmsanchezgil.com\/index.php?rest_route=\/wp\/v2\/media\/247"}],"wp:attachment":[{"href":"http:\/\/lmsanchezgil.com\/index.php?rest_route=%2Fwp%2Fv2%2Fmedia&parent=246"}],"wp:term":[{"taxonomy":"category","embeddable":true,"href":"http:\/\/lmsanchezgil.com\/index.php?rest_route=%2Fwp%2Fv2%2Fcategories&post=246"},{"taxonomy":"post_tag","embeddable":true,"href":"http:\/\/lmsanchezgil.com\/index.php?rest_route=%2Fwp%2Fv2%2Ftags&post=246"}],"curies":[{"name":"wp","href":"https:\/\/api.w.org\/{rel}","templated":true}]}}