{"id":237,"date":"2025-09-22T09:30:00","date_gmt":"2025-09-22T09:30:00","guid":{"rendered":"http:\/\/lmsanchezgil.com\/?p=237"},"modified":"2025-09-22T11:34:50","modified_gmt":"2025-09-22T11:34:50","slug":"asistencia-al-acto-de-apertura-del-curso-academico-2025-2026","status":"publish","type":"post","link":"http:\/\/lmsanchezgil.com\/?p=237","title":{"rendered":"Asistencia al Acto de Apertura del Curso Acad\u00e9mico 2025\/2026"},"content":{"rendered":"\n<p>El edificio de Escuelas Mayores de la Universidad de Salamanca acogi\u00f3 el pasado viernes 29 de septiembre el Acto de Apertura del Curso Acad\u00e9mico en las Universidades de Castilla y Le\u00f3n. El evento congreg\u00f3 a los rectores de las cuatro universidades p\u00fablicas de la comunidad, adem\u00e1s de los rectores de algunas de las universidades privadas. A este tambi\u00e9n asistieron distintas autoridades civiles y militares entre las que cabe destacar al presidente auton\u00f3mico, el Illmo. Sr. D. Alfonso Fern\u00e1ndez Ma\u00f1ueco, que ocup\u00f3 la presidencia de la mesa.<\/p>\n\n\n\n<p>En este evento se realiz\u00f3 la tradicional presentaci\u00f3n de la memoria anual por parte del Secretario General, que destac\u00f3 distintos aspectos que reflejan el crecimiento de la instituci\u00f3n. Seguidamente el Prof. Dr. Antonio Muro \u00c1lvarez subi\u00f3 a la c\u00e1tedra del Paraninfo para pronunciar la lecci\u00f3n magistral bajo el t\u00edtulo <em>Las letras de la malaria. <\/em>Tras un sonoro aplauso al ponente, el Rector de la Universidad de Salamanca emple\u00f3 su turno de palabra para poner en \u00e9nfasis algunos de los logros alcanzados y, especialmente, para hablar de los grandes proyectos futuros que har\u00e1n avanzar -a\u00fan m\u00e1s- a la instituci\u00f3n. Entre estos \u00faltimos, cabe destacar la implantaci\u00f3n del Grado en Veterinaria, la celebraci\u00f3n del V Centenario de la Escuela de Salamanca y la construcci\u00f3n del nuevo campus tecnol\u00f3gico.<\/p>\n\n\n\n<p>Una vez m\u00e1s fue un placer poder asistir a dicho acto que concluy\u00f3, como no pod\u00eda ser de otro modo, con los acordes del Gaudeamus igitur entonado por el Coro de la Universidad de Salamanca.<\/p>\n\n\n\n<p><\/p>\n","protected":false},"excerpt":{"rendered":"<p>El edificio de Escuelas Mayores de la Universidad de Salamanca acogi\u00f3 el pasado viernes 29 de septiembre el Acto de Apertura del Curso Acad\u00e9mico en las Universidades de Castilla y Le\u00f3n. El evento congreg\u00f3 a los rectores de las cuatro universidades p\u00fablicas de la comunidad, adem\u00e1s de los rectores de algunas de las universidades privadas. [&hellip;]<\/p>\n","protected":false},"author":1,"featured_media":238,"comment_status":"open","ping_status":"open","sticky":false,"template":"","format":"standard","meta":{"footnotes":""},"categories":[14],"tags":[15],"class_list":["post-237","post","type-post","status-publish","format-standard","has-post-thumbnail","hentry","category-actos","tag-academia"],"_links":{"self":[{"href":"http:\/\/lmsanchezgil.com\/index.php?rest_route=\/wp\/v2\/posts\/237","targetHints":{"allow":["GET"]}}],"collection":[{"href":"http:\/\/lmsanchezgil.com\/index.php?rest_route=\/wp\/v2\/posts"}],"about":[{"href":"http:\/\/lmsanchezgil.com\/index.php?rest_route=\/wp\/v2\/types\/post"}],"author":[{"embeddable":true,"href":"http:\/\/lmsanchezgil.com\/index.php?rest_route=\/wp\/v2\/users\/1"}],"replies":[{"embeddable":true,"href":"http:\/\/lmsanchezgil.com\/index.php?rest_route=%2Fwp%2Fv2%2Fcomments&post=237"}],"version-history":[{"count":1,"href":"http:\/\/lmsanchezgil.com\/index.php?rest_route=\/wp\/v2\/posts\/237\/revisions"}],"predecessor-version":[{"id":239,"href":"http:\/\/lmsanchezgil.com\/index.php?rest_route=\/wp\/v2\/posts\/237\/revisions\/239"}],"wp:featuredmedia":[{"embeddable":true,"href":"http:\/\/lmsanchezgil.com\/index.php?rest_route=\/wp\/v2\/media\/238"}],"wp:attachment":[{"href":"http:\/\/lmsanchezgil.com\/index.php?rest_route=%2Fwp%2Fv2%2Fmedia&parent=237"}],"wp:term":[{"taxonomy":"category","embeddable":true,"href":"http:\/\/lmsanchezgil.com\/index.php?rest_route=%2Fwp%2Fv2%2Fcategories&post=237"},{"taxonomy":"post_tag","embeddable":true,"href":"http:\/\/lmsanchezgil.com\/index.php?rest_route=%2Fwp%2Fv2%2Ftags&post=237"}],"curies":[{"name":"wp","href":"https:\/\/api.w.org\/{rel}","templated":true}]}}