{"id":218,"date":"2025-09-19T09:30:00","date_gmt":"2025-09-19T09:30:00","guid":{"rendered":"http:\/\/lmsanchezgil.com\/?p=218"},"modified":"2025-09-18T20:52:00","modified_gmt":"2025-09-18T20:52:00","slug":"bienvenida-a-mi-espacio-personal","status":"publish","type":"post","link":"http:\/\/lmsanchezgil.com\/?p=218","title":{"rendered":"Bienvenida a mi espacio personal"},"content":{"rendered":"\n<p>En este comienzo de curso acad\u00e9mico 2025\/2026 quiero darles la bienvenida a mi web personal, un espacio integral destinado a la difusi\u00f3n de mi actividad acad\u00e9mica y producci\u00f3n cient\u00edfica. Pretendo que sea un lugar acorde con las necesidades y est\u00e1ndares del siglo XXI. Para ello, cuenta principalmente con cuatro espacios diferenciados.<\/p>\n\n\n\n<p>En la pesta\u00f1a <em>curriculum<\/em> pueden encontrar mi CV en varios formatos y con diferentes extensiones. El objetivo es facilitar el acceso a aquellos interesados en los principales hitos de mi trayectoria con motivo -por ejemplo- de la participaci\u00f3n en congresos, jornadas, etc.<\/p>\n\n\n\n<p>En segundo lugar, en <em>investigaci\u00f3n<\/em> se recopila informaci\u00f3n relativa a mi actividad investigadora. En este ep\u00edgrafe podr\u00e1n consultar el calendario de eventos en lo que participe como conferenciante, los grupos de investigaci\u00f3n a los que pertenezco, los proyectos de investigaci\u00f3n en los que trabajo o mis publicaciones, tanto monograf\u00eda y cap\u00edtulos en obras colectivas como art\u00edculos.<\/p>\n\n\n\n<p>A continuaci\u00f3n, en el espacio dedicado a la <em>docencia<\/em>, figura toda mi actividad docente -tanto oficial, en grados y m\u00e1ster, como propia-, as\u00ed como otras labores vinculadas a la direcci\u00f3n de trabajos finales, tesis doctorales o la participaci\u00f3n y coordinaci\u00f3n de proyectos de innovaci\u00f3n docente y aprendizaje-servicio.<\/p>\n\n\n\n<p>Por \u00faltimo, en <em>blog\/actualidad<\/em> -espacio desde el que les dirijo esta bienvenida- podr\u00e1n encontrar entradas de texto y otros materiales sobre diferentes aspectos relacionados, en todo caso, con mi actividad acad\u00e9mica.<\/p>\n\n\n\n<p>Finalmente, cabe destacar que en esta web encontrar\u00e1n diferentes medios de contacto directo y el enlace a otras redes sociales tanto acad\u00e9micas como generalistas.<\/p>\n\n\n\n<p>Bienvenido\/a a este espacio.<\/p>\n","protected":false},"excerpt":{"rendered":"<p>En este comienzo de curso acad\u00e9mico 2025\/2026 quiero darles la bienvenida a mi web personal, un espacio integral destinado a la difusi\u00f3n de mi actividad acad\u00e9mica y producci\u00f3n cient\u00edfica. Pretendo que sea un lugar acorde con las necesidades y est\u00e1ndares del siglo XXI. Para ello, cuenta principalmente con cuatro espacios diferenciados. En la pesta\u00f1a curriculum [&hellip;]<\/p>\n","protected":false},"author":1,"featured_media":219,"comment_status":"open","ping_status":"open","sticky":false,"template":"","format":"standard","meta":{"footnotes":""},"categories":[6],"tags":[7],"class_list":["post-218","post","type-post","status-publish","format-standard","has-post-thumbnail","hentry","category-blog","tag-blog"],"_links":{"self":[{"href":"http:\/\/lmsanchezgil.com\/index.php?rest_route=\/wp\/v2\/posts\/218","targetHints":{"allow":["GET"]}}],"collection":[{"href":"http:\/\/lmsanchezgil.com\/index.php?rest_route=\/wp\/v2\/posts"}],"about":[{"href":"http:\/\/lmsanchezgil.com\/index.php?rest_route=\/wp\/v2\/types\/post"}],"author":[{"embeddable":true,"href":"http:\/\/lmsanchezgil.com\/index.php?rest_route=\/wp\/v2\/users\/1"}],"replies":[{"embeddable":true,"href":"http:\/\/lmsanchezgil.com\/index.php?rest_route=%2Fwp%2Fv2%2Fcomments&post=218"}],"version-history":[{"count":1,"href":"http:\/\/lmsanchezgil.com\/index.php?rest_route=\/wp\/v2\/posts\/218\/revisions"}],"predecessor-version":[{"id":220,"href":"http:\/\/lmsanchezgil.com\/index.php?rest_route=\/wp\/v2\/posts\/218\/revisions\/220"}],"wp:featuredmedia":[{"embeddable":true,"href":"http:\/\/lmsanchezgil.com\/index.php?rest_route=\/wp\/v2\/media\/219"}],"wp:attachment":[{"href":"http:\/\/lmsanchezgil.com\/index.php?rest_route=%2Fwp%2Fv2%2Fmedia&parent=218"}],"wp:term":[{"taxonomy":"category","embeddable":true,"href":"http:\/\/lmsanchezgil.com\/index.php?rest_route=%2Fwp%2Fv2%2Fcategories&post=218"},{"taxonomy":"post_tag","embeddable":true,"href":"http:\/\/lmsanchezgil.com\/index.php?rest_route=%2Fwp%2Fv2%2Ftags&post=218"}],"curies":[{"name":"wp","href":"https:\/\/api.w.org\/{rel}","templated":true}]}}